{"id":672,"date":"2024-03-05T05:00:52","date_gmt":"2024-03-05T10:00:52","guid":{"rendered":"http:\/\/devocion.seminariobiblicocucuta.org\/?p=672"},"modified":"2024-02-12T10:56:08","modified_gmt":"2024-02-12T15:56:08","slug":"doc-064","status":"publish","type":"post","link":"https:\/\/devocion.seminariobiblicocucuta.org\/index.php\/2024\/03\/05\/doc-064\/","title":{"rendered":"\u00bfEste podr\u00eda ser mi caso?"},"content":{"rendered":"<h4>Hechos 20:24<\/h4>\n<p><span class=\"verso\"><em>Pero de ninguna cosa hago caso ni estimo preciosa mi vida para m\u00ed mismo&#8230;<\/em>\u00a0(RV60)<br \/>\n<em>&#8230;considero que mi vida carece de valor para m\u00ed mismo&#8230;<\/em> (NVI)<br \/>\n<em>No me preocupa si tengo que morir.<\/em> (TLA)<\/span><\/p>\n<p>Es m\u00e1s f\u00e1cil servir a Dios sin una visi\u00f3n, m\u00e1s suave trabajar para \u00c9l sin un llamamiento, porque entonces no tendr\u00e1s que molestarte por lo que \u00c9l exige. Tu gu\u00eda ser\u00e1 el sentido com\u00fan, cubierto con una capa de sentimiento cristiano.<!--more--> Si nunca te das cuenta del llamado divino, puedes ser m\u00e1s pr\u00f3spero y exitoso desde el punto de vista del mundo y tendr\u00e1s m\u00e1s tiempo libre. Pero, una vez que recibas una comisi\u00f3n de Jesucristo, tu memoria siempre te recordar\u00e1 lo que Dios quiere para estimularte a hacer Su voluntad. Ya no podr\u00e1s trabajar m\u00e1s para \u00c9l sobre la base de tu sentido com\u00fan.<\/p>\n<p>\u00bfQu\u00e9 es lo que realmente estimo como \u00abprecioso\u00bb? Si Jesucristo no me ha asido y no me he rendido a \u00c9l, considerar\u00e9 como valiosos mis conceptos personales sobre el servicio, el tiempo que decida darle a Dios, y mi vida. Pablo dijo que estimaba su vida como preciosa \u00fanicamente para poder cumplir el ministerio que hab\u00eda recibido y por eso se neg\u00f3 a emplear sus energ\u00edas en algo diferente. Este vers\u00edculo muestra el disgusto casi sublime de Pablo cuando se le pide que se considere a s\u00ed mismo. \u00c9l era absolutamente indiferente a cualquier consideraci\u00f3n distinta a la de cumplir el ministerio que hab\u00eda recibido. El trabajo pr\u00e1ctico se puede convertir en un rival de nuestra entrega a \u00c9l, cuando se basa en los siguientes argumentos: \u00abRecuerda lo \u00fatil que eres aqu\u00ed\u00bb, o \u00abpiensa de cu\u00e1nto valor ser\u00edas en esa clase particular de trabajo\u00bb. Con esta actitud le damos el liderazgo a nuestro propio juicio y no a Jesucristo, para que nos gu\u00ede al lugar donde deber\u00edamos ir y donde ser\u00edamos de m\u00e1s utilidad. Nunca pienses en si eres \u00fatil o no, pero siempre considera que no somos nuestros sino de \u00c9l.<\/p>\n<h4>Comentario<\/h4>\n<ul>\n<li><strong>vida&#8230;<\/strong> el griego posee varios vocablos para hablar de &#8216;vida&#8217;, entre ellos los m\u00e1s conocidos <em>dso\u00e9 <\/em>-la existencia de los seres (incluyendo a Dios mismo)- \u00a0y <em>b\u00cdos &#8211;<\/em>la \u00a0duraci\u00f3n temporal (\u00abdurante su vida\u00bb);\u00a0como conducta (\u00abla vida que lleva\u00bb)\u00a0; en el texto presente, sin embargo, el t\u00e9rmino usado es <em>psyqu\u00e9<\/em>,cuyo significado es\u00a0&#8216;alma&#8217;,\u00a0\u00a0&#8216;mente&#8217;, &#8216;aliento de vida&#8217;,\u00a0es decir el &#8216;individuo vivo&#8217;.<\/li>\n<li>Esta vida, pues, en su sentido m\u00e1s personal, es la que en s\u00ed no tiene nada precioso para Pablo y no le importa dejarla con tal de haber cumplido con el \u00fanico sentido que la vida tiene: servir a Jesucristo en el cumplimiento de su llamado. Por experiencia sabemos que existen m\u00fatiples razones de poner a Jes\u00fas en el Segundo lugar y hasta logramos subrayar la nobleza de esas razones: la responsabilidad por la familia,\u00a0por el trabajo,\u00a0por el ministerio&#8230; pero a la luz de Jes\u00fas descubriremos que se trata de pretextos que nacen de la poca fe (vea <a href=\"http:\/\/devocion.seminariobiblicocucuta.org\/d-011\">Lo que cuesta a otros mi obediencia<\/a>).<\/li>\n<li>En su conclusion, Chambers resume su argumento en una verdad innc\u00f3moda:\u00a0 \u00ab&#8230;considera que no somos nuestros sino de \u00c9l.\u00bb Tan sencillo. No tenemos derecho de dedicarnos a otra cosa porque esta vida que estimamos preciosa, no es nuestra. Esto no\u00a0se refiere\u00a0\u00a0a la vida que\u00a0Dios nos\u00a0dio; esto tiene que ver con la vida que Cristo nos dio como <em>nueva<\/em> criatura.\u00a0Seg\u00fan su propio modelo, no la podemos conservar sino\u00a0gast\u00e1ndola de acuerdo a Su prop\u00f3sito. Si nuestra vida no es \u00fatil para\u00a0el Se\u00f1or,\u00a0no tiene nada de precioso.<\/li>\n<\/ul>\n","protected":false},"excerpt":{"rendered":"<p>Hechos 20:24 Pero de ninguna cosa hago caso ni estimo preciosa mi vida para m\u00ed mismo&#8230;\u00a0(RV60) &#8230;considero que mi vida carece de valor para m\u00ed mismo&#8230; (NVI) No me preocupa si tengo que morir. (TLA) Es m\u00e1s f\u00e1cil servir a &hellip; <a href=\"https:\/\/devocion.seminariobiblicocucuta.org\/index.php\/2024\/03\/05\/doc-064\/\">Sigue leyendo <span class=\"meta-nav\">&rarr;<\/span><\/a><\/p>\n","protected":false},"author":2,"featured_media":0,"comment_status":"open","ping_status":"open","sticky":false,"template":"","format":"standard","meta":{"footnotes":""},"categories":[3],"tags":[],"_links":{"self":[{"href":"https:\/\/devocion.seminariobiblicocucuta.org\/index.php\/wp-json\/wp\/v2\/posts\/672"}],"collection":[{"href":"https:\/\/devocion.seminariobiblicocucuta.org\/index.php\/wp-json\/wp\/v2\/posts"}],"about":[{"href":"https:\/\/devocion.seminariobiblicocucuta.org\/index.php\/wp-json\/wp\/v2\/types\/post"}],"author":[{"embeddable":true,"href":"https:\/\/devocion.seminariobiblicocucuta.org\/index.php\/wp-json\/wp\/v2\/users\/2"}],"replies":[{"embeddable":true,"href":"https:\/\/devocion.seminariobiblicocucuta.org\/index.php\/wp-json\/wp\/v2\/comments?post=672"}],"version-history":[{"count":6,"href":"https:\/\/devocion.seminariobiblicocucuta.org\/index.php\/wp-json\/wp\/v2\/posts\/672\/revisions"}],"predecessor-version":[{"id":678,"href":"https:\/\/devocion.seminariobiblicocucuta.org\/index.php\/wp-json\/wp\/v2\/posts\/672\/revisions\/678"}],"wp:attachment":[{"href":"https:\/\/devocion.seminariobiblicocucuta.org\/index.php\/wp-json\/wp\/v2\/media?parent=672"}],"wp:term":[{"taxonomy":"category","embeddable":true,"href":"https:\/\/devocion.seminariobiblicocucuta.org\/index.php\/wp-json\/wp\/v2\/categories?post=672"},{"taxonomy":"post_tag","embeddable":true,"href":"https:\/\/devocion.seminariobiblicocucuta.org\/index.php\/wp-json\/wp\/v2\/tags?post=672"}],"curies":[{"name":"wp","href":"https:\/\/api.w.org\/{rel}","templated":true}]}}