{"id":425,"date":"2024-02-02T04:50:51","date_gmt":"2024-02-02T03:50:51","guid":{"rendered":"http:\/\/devocion.seminariobiblicocucuta.org\/?p=425"},"modified":"2024-02-12T10:10:28","modified_gmt":"2024-02-12T15:10:28","slug":"doc-033","status":"publish","type":"post","link":"https:\/\/devocion.seminariobiblicocucuta.org\/index.php\/2024\/02\/02\/doc-033\/","title":{"rendered":"La apremiante fuerza del llamado"},"content":{"rendered":"<h4>1 Corintios 9:16<\/h4>\n<p><span class=\"verso\"><em>\u00a1Ay de m\u00ed si no\u00a0predico el evangelio!<\/em> (NVI)<br \/>\n<em>\u00a1Qu\u00e9 terrible ser\u00eda para m\u00ed si no predicara la Buena Noticia!<\/em><br \/>\n<\/span><\/p>\n<p><span class=\"verso\"><span lang=\"es-TRAD\">Ten cuidado de rehusarte a escuchar el llamamiento de Dios. Todo el que es salvo est\u00e1 llamado a dar testimonio de ese hecho. Sin embargo, este testimonio no es lo mismo que el llamado a predicar, <\/span><\/span><!--more--><\/p>\n<p><span class=\"verso\"><span lang=\"es-TRAD\">sino que es tan s\u00f3lo una ilustraci\u00f3n que podemos utilizar cuando predicamos. En este vers\u00edculo Pablo se estaba refiriendo a los agudos dolores producidos en \u00e9l por la fuerza apremiante del llamado a predicar el Evangelio. Nunca trates de aplicar a las personas que est\u00e1n siendo llamadas por Dios para salvaci\u00f3n, lo que Pablo dijo con respecto al llamado a predicar. No hay nada m\u00e1s f\u00e1cil que ser salvo, porque es la obra soberana de Dios: <\/span><span lang=\"es\">\u00ab<\/span><span lang=\"es-TRAD\">Mirad a m\u00ed y sed salvos<\/span><span lang=\"es\">\u00ab, <\/span><span lang=\"es-US\">Is <\/span><span lang=\"es-TRAD\">45:22. Nuestro Se\u00f1or nunca exige las mismas condiciones para el discipulado que para la salvaci\u00f3n. Nosotros hemos sido conducidos inevitablemente a la salvaci\u00f3n por medio de la Cruz de Cristo. Pero el discipulado lleva en s\u00ed una opci\u00f3n: <\/span><span lang=\"es\">\u00ab<\/span><span lang=\"es-TRAD\">Si<\/span><span lang=\"es-TRAD\"> alguno\u2026<\/span><span lang=\"es\">\u00ab, <\/span><span lang=\"es-US\">Lc <\/span><span lang=\"es-TRAD\">14:26. <\/span><\/span><\/p>\n<p><span lang=\"es-TRAD\">Las palabras de Pablo tienen que ver con que seamos hechos siervos de Jesucristo y nunca se nos pide permiso en cuanto a qu\u00e9 haremos o a d\u00f3nde iremos. Dios nos vuelve como pan partido y vino derramado para glorificarse. Ser apartado para el Evangelio significa poder o\u00edr el llamamiento de Dios (<\/span><span lang=\"es-US\">Ro <\/span><span lang=\"es-TRAD\">1:1). Cuando alguien comienza a o\u00edr ese llamado, se produce un sufrimiento digno del nombre de Cristo. De repente, toda ambici\u00f3n, todo deseo de la vida y todo punto de vista personal son completamente aniquilados y extinguidos. \u00danicamente permanece esta verdad: apartado para el Evangelio. \u00a1Ay del coraz\u00f3n que trata de encaminarse en cualquier otra direcci\u00f3n una vez que ha recibido el llamado! El Instituto de Entrenamiento B\u00edblico existe con el prop\u00f3sito de que cada uno pueda saber si en este lugar Dios tiene o no, a un hombre o una mujer que verdaderamente se interese en proclamar su Evangelio y para ver si \u00c9l los toma para este prop\u00f3sito. Una vez que el llamado de Dios se apodere de ustedes, cu\u00eddense de los llamamientos que le hacen competencia.<\/span><\/p>\n<h4>Comentario<\/h4>\n<ul>\n<li><em><strong>Ay&#8230;<\/strong> <\/em>en el contexto b\u00edblico, el <em>oyai<\/em>, m\u00e1s que una exclamaci\u00f3n simb\u00f3lica anuncia una desgracia inmensurable \u00a0por venir. \u00a0Esto es lo que prevee Pablo para el que haya recibido los beneficios del Evangelio sin querer asumir su responsabilidad para con el llamado de difundir\u00a0las Buenas Nuevas.<\/li>\n<li>El llamado de proclamar, o anunciar, o predicar el Evangelio, no tiene que ver con un llamado espec\u00edfico a que alguien se dirija a personas o lugares. Seg\u00fan el Nuevo Testamento, y como tambi\u00e9n lo entiende Chambers, es inherente al poder de atracci\u00f3n del Evangelio. El que lo escucha con o\u00eddos abiertos lo predica a boca abierta.<\/li>\n<li>\u00a1Qu\u00e9 absurdo creer que pueda haber\u00a0disc\u00edpulo exento de tal llamado! \u00a1Qu\u00e9 absurdo creer que pueda haber seguidor de Cristo -\u00abCristiano\u00bb- sin o\u00edr y seguir al llamado del Evangelio! Jes\u00fas no solo nos\u00a0destin\u00f3 a llevar personas a salvaci\u00f3n, nos\u00a0llam\u00f3 para\u00a0hacer disc\u00edpulos, llamado que\u00a0multipliquen el llamado.<\/li>\n<\/ul>\n","protected":false},"excerpt":{"rendered":"<p>1 Corintios 9:16 \u00a1Ay de m\u00ed si no\u00a0predico el evangelio! (NVI) \u00a1Qu\u00e9 terrible ser\u00eda para m\u00ed si no predicara la Buena Noticia! Ten cuidado de rehusarte a escuchar el llamamiento de Dios. Todo el que es salvo est\u00e1 llamado a &hellip; <a href=\"https:\/\/devocion.seminariobiblicocucuta.org\/index.php\/2024\/02\/02\/doc-033\/\">Sigue leyendo <span class=\"meta-nav\">&rarr;<\/span><\/a><\/p>\n","protected":false},"author":2,"featured_media":0,"comment_status":"open","ping_status":"open","sticky":false,"template":"","format":"standard","meta":{"footnotes":""},"categories":[3],"tags":[23,31,52],"_links":{"self":[{"href":"https:\/\/devocion.seminariobiblicocucuta.org\/index.php\/wp-json\/wp\/v2\/posts\/425"}],"collection":[{"href":"https:\/\/devocion.seminariobiblicocucuta.org\/index.php\/wp-json\/wp\/v2\/posts"}],"about":[{"href":"https:\/\/devocion.seminariobiblicocucuta.org\/index.php\/wp-json\/wp\/v2\/types\/post"}],"author":[{"embeddable":true,"href":"https:\/\/devocion.seminariobiblicocucuta.org\/index.php\/wp-json\/wp\/v2\/users\/2"}],"replies":[{"embeddable":true,"href":"https:\/\/devocion.seminariobiblicocucuta.org\/index.php\/wp-json\/wp\/v2\/comments?post=425"}],"version-history":[{"count":10,"href":"https:\/\/devocion.seminariobiblicocucuta.org\/index.php\/wp-json\/wp\/v2\/posts\/425\/revisions"}],"predecessor-version":[{"id":458,"href":"https:\/\/devocion.seminariobiblicocucuta.org\/index.php\/wp-json\/wp\/v2\/posts\/425\/revisions\/458"}],"wp:attachment":[{"href":"https:\/\/devocion.seminariobiblicocucuta.org\/index.php\/wp-json\/wp\/v2\/media?parent=425"}],"wp:term":[{"taxonomy":"category","embeddable":true,"href":"https:\/\/devocion.seminariobiblicocucuta.org\/index.php\/wp-json\/wp\/v2\/categories?post=425"},{"taxonomy":"post_tag","embeddable":true,"href":"https:\/\/devocion.seminariobiblicocucuta.org\/index.php\/wp-json\/wp\/v2\/tags?post=425"}],"curies":[{"name":"wp","href":"https:\/\/api.w.org\/{rel}","templated":true}]}}